{"id":126930,"date":"2025-11-06T14:30:27","date_gmt":"2025-11-06T19:30:27","guid":{"rendered":"https:\/\/queerchamber.ca\/fr\/?p=126930"},"modified":"2025-11-06T15:10:56","modified_gmt":"2025-11-06T20:10:56","slug":"cqcc-salue-les-investissements-federals-demande-inclusion-continue","status":"publish","type":"post","link":"https:\/\/queerchamber.ca\/fr\/news\/cqcc-salue-les-investissements-federals-demande-inclusion-continue\/","title":{"rendered":"La Chambre de commerce queer du Canada se r\u00e9jouit des investissements f\u00e9d\u00e9raux en faveur des personnes entrepreneures canadiennes et demande l\u2019inclusion continue des entreprises 2ELGBTQI+ dans les initiatives de croissance \u00e9conomique"},"content":{"rendered":"\n<p><strong>Toronto (ON) \u2013 5 novembre 2025<\/strong><\/p>\n\n\n\n<p>La Chambre de commerce queer du Canada (CCQC, anciennement CGLCC) accueille favorablement les engagements du budget f\u00e9d\u00e9ral de 2025 visant \u00e0 renforcer l\u2019\u00e9conomie canadienne et \u00e0 accro\u00eetre les possibilit\u00e9s pour les petites et moyennes entreprises (PME). Des initiatives comme la nouvelle initiative <strong>\u00ab\u2009Achetez canadien\u2009\u00bb<\/strong> et le <strong><strong>Programme d\u2019approvisionnement aupr\u00e8s des petites et moyennes entreprises<\/strong><\/strong> signalent un changement significatif pour s\u2019assurer que les entreprises canadiennes sont au c\u0153ur de l\u2019approvisionnement public et de la croissance \u00e9conomique.<\/p>\n\n\n\n<p>La CCQC est encourag\u00e9 par la reconnaissance par le gouvernement du r\u00f4le essentiel que jouent les PME canadiennes dans l\u2019innovation et la cr\u00e9ation d\u2019emplois. Ces initiatives, ainsi que des investissements importants dans la diversification des exportations, un meilleur acc\u00e8s au capital de croissance, ainsi que des investissements d\u00e9di\u00e9s aux entrepreneurs et aux professionnels des arts et des industries cr\u00e9atives, cr\u00e9eront de nouvelles possibilit\u00e9s et une croissance significative pour les entrepreneurs de tout le pays.<\/p>\n\n\n\n<p>\u00ab <em>Nous sommes optimistes quant \u00e0 ce que ces nouveaux investissements signifient pour les personnes entrepreneures canadiennes et l\u2019\u00e9conomie dans son ensemble \u00bb,<\/em> a d\u00e9clar\u00e9 Darrell Schuurman, PDG de la CCQC. \u00ab <em>Notre objectif est maintenant de veiller \u00e0 ce que ces opportunit\u00e9s soient intentionnellement inclusives pour les personnes entrepreneures 2ELGBTQI+ et d\u2019autres fournisseurs diversifi\u00e9s qui stimulent l\u2019innovation, renforcent les cha\u00eenes d\u2019approvisionnement et cr\u00e9ent un impact significatif sur la communaut\u00e9.<\/em> \u00bb<\/p>\n\n\n\n<p>La CCQC est particuli\u00e8rement encourag\u00e9 par :<\/p>\n\n\n\n<ul class=\"wp-block-list\">\n<li><strong>\u00ab\u2009Achetez canadien\u2009\u00bb<\/strong>, qui renforce l\u2019obligation de prioriser les biens et services canadiens&nbsp;;<\/li>\n\n\n\n<li>Un investissement de 79,9 millions de dollars dans le nouveau Programme<strong> d\u2019approvisionnement aupr\u00e8s des petites et moyennes entreprises<\/strong>, con\u00e7u pour accro\u00eetre l\u2019acc\u00e8s des PME aux possibilit\u00e9s d\u2019approvisionnement f\u00e9d\u00e9ral\u00a0;<\/li>\n\n\n\n<li>La Strat\u00e9gie de <strong>diversification commerciale<\/strong> du Canada, qui vise \u00e0 doubler les \u00e9missions d&#8217;exporte vers un objectif de 300 milliards de dollars de plus en commerces, tout en faisant des investissements majeurs dans l\u2019ouverture de nouveaux march\u00e9s pour les entreprises canadiennes\u00a0; et<\/li>\n\n\n\n<li>L\u2019investissement de 660,5 millions de dollars sur cinq ans pour <strong>Femmes et \u00c9galit\u00e9 des genres Canada (FEGC)<\/strong> pour soutenir l\u2019\u00e9galit\u00e9 des genres et les communaut\u00e9s 2ELGBTQI+, dont 54,6 millions de dollars consacr\u00e9s \u00e0 des initiatives 2ELGBTQI+, d\u00e9montrant ainsi des progr\u00e8s significatifs vers une \u00e9conomie plus inclusive.<\/li>\n<\/ul>\n\n\n\n<p>La priorit\u00e9 de la CCQC est de veiller \u00e0 ce que ces opportunit\u00e9s soient intentionnellement inclusives pour les personnes entrepreneures 2ELGBTQI+ et les fournisseurs diversifi\u00e9s qui stimulent l\u2019innovation, renforcent les cha\u00eenes d\u2019approvisionnement et cr\u00e9ent un impact communautaire significatif.<\/p>\n\n\n\n<p>\u00ab <em>La comp\u00e9titivit\u00e9 mondiale du Canada d\u00e9pend de l\u2019innovation, de la r\u00e9silience et de l\u2019\u00e9quit\u00e9, <\/em>\u00bb ajoute Schuurman. \u00ab <em>Les personnes entrepreneures queer sont essentielles \u00e0 cette vision. Nous exhortons le gouvernement \u00e0 int\u00e9grer des exigences en mati\u00e8re de diversit\u00e9 des fournisseurs dans tous les cadres d\u2019approvisionnement f\u00e9d\u00e9raux, y compris ceux relatifs aux infrastructures et \u00e0 la d\u00e9fense, afin de s\u2019assurer que l\u2019inclusion demeure au c\u0153ur de la croissance \u00e9conomique du Canada.<\/em> \u00bb<\/p>\n\n\n\n<p>La CCQC reste d\u00e9termin\u00e9 \u00e0 travailler avec le gouvernement, l\u2019industrie et les partenaires communautaires pour s\u2019assurer que les avantages du budget de 2025 profitent aux 100 000+ entreprises canadiennes appartenant \u00e0 des personnes 2ELGBTQI+ qui contribuent activement et de mani\u00e8re percutante \u00e0 la prosp\u00e9rit\u00e9 du pays.<\/p>\n\n\n\n<div style=\"height:5px\" aria-hidden=\"true\" class=\"wp-block-spacer\"><\/div>\n\n\n\n<h3 class=\"wp-block-heading\"><strong>\u00c9v\u00e9nement \u00e0 venir<\/strong><\/h3>\n\n\n\n<p>La CQCC tiendra une discussion virtuelle le vendredi 7 novembre 2025, de 13 h \u00e0 14 h (HE), avec Darrell Schuurman, PDG de la CCQC, et Randy Boissonnault, membre du Comit\u00e9 des relations gouvernementales du CCQC, afin de d\u00e9voiler les implications du budget de 2025 pour les personnes entrepreneures 2ELGBTQI+.<\/p>\n\n\n\n<p>Une pr\u00e9-inscription est requise <a href=\"https:\/\/queerchamber.ca\/event\/federal-budget-2025-conversation\/\">ici<\/a>.<\/p>\n\n\n\n<div style=\"height:5px\" aria-hidden=\"true\" class=\"wp-block-spacer\"><\/div>\n\n\n\n<h3 class=\"wp-block-heading\"><strong>\u00c0 propos de la Chambre de commerce queer du Canada (CCQC)<\/strong><\/h3>\n\n\n\n<p>La CCQC est un organisme national \u00e0 but non lucratif repr\u00e9sentant les 100 000+ entreprises appartenant \u00e0 des personnes 2ELGBTQI+ au Canada. L&#8217;objectif est de cr\u00e9er un changement social positif en autonomisant \u00e9conomiquement la communaut\u00e9 2ELGBTQI+ gr\u00e2ce \u00e0 l\u2019entrepreneuriat. La CCQC s\u2019efforce de cr\u00e9er une \u00e9conomie v\u00e9ritablement inclusive o\u00f9 toutes les entreprises et tous les personnes entrepreneures 2ELGBTQI+ ont acc\u00e8s et la possibilit\u00e9 de participer activement.<\/p>\n\n\n\n<div style=\"height:26px\" aria-hidden=\"true\" class=\"wp-block-spacer\"><\/div>\n\n\n\n<h3 class=\"wp-block-heading\"><strong>Contacte m\u00e9dia<\/strong><\/h3>\n\n\n\n<p class=\"has-normal-font-size\">Julie-L\u00e9onora Kesch<br>Directrice, Marketing et communications<br>416-761-5151 x127<br><a href=\"mailto:julie-leonora.kesch@queerchamber.ca\" target=\"_blank\" rel=\"noreferrer noopener\">julie-leonora.kesch@queerchamber.ca<\/a><\/p>\n","protected":false},"excerpt":{"rendered":"<p>Le CQCC accueille favorablement les engagements du budget f\u00e9d\u00e9ral de 2025 visant \u00e0 renforcer l\u2019\u00e9conomie canadienne et \u00e0 accro\u00eetre les possibilit\u00e9s pour les petites et moyennes entreprises (PME), et reste d\u00e9termin\u00e9 \u00e0 plaider pour qu\u2019ils soient mis en \u0153uvre de mani\u00e8re \u00e0 soutenir directement les personnes entrepreneures et les propri\u00e9taires d\u2019entreprises 2ELGBTQI+.<\/p>\n","protected":false},"author":4024,"featured_media":126932,"comment_status":"closed","ping_status":"closed","sticky":false,"template":"","format":"standard","meta":{"_acf_changed":false,"_tec_requires_first_save":true,"_trash_the_other_posts":false,"advanced_seo_description":"","jetpack_seo_html_title":"","jetpack_seo_noindex":false,"_EventAllDay":false,"_EventTimezone":"","_EventStartDate":"","_EventEndDate":"","_EventStartDateUTC":"","_EventEndDateUTC":"","_EventShowMap":false,"_EventShowMapLink":false,"_EventURL":"","_EventCost":"","_EventCostDescription":"","_EventCurrencySymbol":"","_EventCurrencyCode":"","_EventCurrencyPosition":"","_EventDateTimeSeparator":"","_EventTimeRangeSeparator":"","_EventOrganizerID":[],"_EventVenueID":[],"_OrganizerEmail":"","_OrganizerPhone":"","_OrganizerWebsite":"","_VenueAddress":"","_VenueCity":"","_VenueCountry":"","_VenueProvince":"","_VenueState":"","_VenueZip":"","_VenuePhone":"","_VenueURL":"","_VenueStateProvince":"","_VenueLat":"","_VenueLng":"","_VenueShowMap":false,"_VenueShowMapLink":false,"_price":"","_stock":"","_tribe_ticket_header":"","_tribe_default_ticket_provider":"","_tribe_ticket_capacity":"0","_ticket_start_date":"","_ticket_end_date":"","_tribe_ticket_show_description":"","_tribe_ticket_show_not_going":false,"_tribe_ticket_use_global_stock":"","_tribe_ticket_global_stock_level":"","_global_stock_mode":"","_global_stock_cap":"","_tribe_rsvp_for_event":"","_tribe_ticket_going_count":"","_tribe_ticket_not_going_count":"","_tribe_tickets_list":"[]","_tribe_ticket_has_attendee_info_fields":false,"_tribe_blocks_recurrence_rules":"","_tribe_blocks_recurrence_description":"","_tribe_blocks_recurrence_exclusions":"","editor_notices":[],"_jetpack_memberships_contains_paid_content":false,"footnotes":""},"categories":[1],"tags":[],"class_list":["post-126930","post","type-post","status-publish","format-standard","has-post-thumbnail","hentry","category-news"],"acf":[],"jetpack_featured_media_url":"https:\/\/queerchamber.ca\/fr\/wp-content\/uploads\/sites\/7\/2025\/11\/newsrelease_cqcc.jpg","jetpack_sharing_enabled":true,"_links":{"self":[{"href":"https:\/\/queerchamber.ca\/fr\/wp-json\/wp\/v2\/posts\/126930","targetHints":{"allow":["GET"]}}],"collection":[{"href":"https:\/\/queerchamber.ca\/fr\/wp-json\/wp\/v2\/posts"}],"about":[{"href":"https:\/\/queerchamber.ca\/fr\/wp-json\/wp\/v2\/types\/post"}],"author":[{"embeddable":true,"href":"https:\/\/queerchamber.ca\/fr\/wp-json\/wp\/v2\/users\/4024"}],"replies":[{"embeddable":true,"href":"https:\/\/queerchamber.ca\/fr\/wp-json\/wp\/v2\/comments?post=126930"}],"version-history":[{"count":4,"href":"https:\/\/queerchamber.ca\/fr\/wp-json\/wp\/v2\/posts\/126930\/revisions"}],"predecessor-version":[{"id":126941,"href":"https:\/\/queerchamber.ca\/fr\/wp-json\/wp\/v2\/posts\/126930\/revisions\/126941"}],"wp:featuredmedia":[{"embeddable":true,"href":"https:\/\/queerchamber.ca\/fr\/wp-json\/wp\/v2\/media\/126932"}],"wp:attachment":[{"href":"https:\/\/queerchamber.ca\/fr\/wp-json\/wp\/v2\/media?parent=126930"}],"wp:term":[{"taxonomy":"category","embeddable":true,"href":"https:\/\/queerchamber.ca\/fr\/wp-json\/wp\/v2\/categories?post=126930"},{"taxonomy":"post_tag","embeddable":true,"href":"https:\/\/queerchamber.ca\/fr\/wp-json\/wp\/v2\/tags?post=126930"}],"curies":[{"name":"wp","href":"https:\/\/api.w.org\/{rel}","templated":true}]}}