{"id":60908,"date":"2020-09-24T12:23:13","date_gmt":"2020-09-24T16:23:13","guid":{"rendered":"https:\/\/dev-cglcc-multisite.pantheonsite.io\/fr\/news\/statement-on-the-speech-from-the-throne-cglcc-canadas-lgbt-chamber-of-commerce\/"},"modified":"2025-10-22T15:59:33","modified_gmt":"2025-10-22T19:59:33","slug":"declaration-sur-le-discours-du-trone-cglcc-canadas-chambre-de-commerce-lgbt","status":"publish","type":"post","link":"https:\/\/queerchamber.ca\/fr\/news\/declaration-sur-le-discours-du-trone-cglcc-canadas-chambre-de-commerce-lgbt\/","title":{"rendered":"D\u00e9claration sur le discours du Tr\u00f4ne \u2013 CQCC, Chambre de commerce 2ELGBTQI+ du Canada"},"content":{"rendered":"\n<p><strong>Jeudi 24 septembre 2020<\/strong><\/p>\n\n\n\n<p>Le CQCC a \u00e9cout\u00e9 avec beaucoup d\u2019int\u00e9r\u00eat le discours du Tr\u00f4ne prononc\u00e9 \u00e0 l\u2019ouverture de la deuxi\u00e8me session de la 43e l\u00e9gislature.<\/p>\n\n\n\n<p>Nous sommes encourag\u00e9s par le programme du gouvernement sur la diversit\u00e9 dans les affaires, en particulier l\u2019engagement \u00e0 \u00ab aller plus loin dans l\u2019autonomisation \u00e9conomique de communaut\u00e9s sp\u00e9cifiques et \u00e0 accro\u00eetre la diversit\u00e9 dans l\u2019approvisionnement \u00bb. Le CQCC demeure d\u00e9termin\u00e9 \u00e0 faire en sorte que les entreprises 2ELGBTQI+ fassent partie de ce programme de d\u00e9veloppement et de relance \u00e9conomiques.<\/p>\n\n\n\n<p>Depuis sa cr\u00e9ation, le CQCC est un ardent d\u00e9fenseur de la diversit\u00e9 des fournisseurs au Canada, en faisant la promotion de l\u2019autonomisation \u00e9conomique et des opportunit\u00e9s pour <em>tous les<\/em> Canadiens. Nous appuyons sans r\u00e9serve la mise en place du Programme pour l\u2019entrepreneuriat des communaut\u00e9s noires et nous croyons que des politiques cibl\u00e9es, comme celle-ci, sont n\u00e9cessaires pour \u00e9liminer les obstacles syst\u00e9miques auxquels sont confront\u00e9s les entreprises et les entrepreneurs appartenant \u00e0 des minorit\u00e9s et \u00e0 des personnes issues de la diversit\u00e9.&nbsp;<\/p>\n\n\n\n<p>Nous avons h\u00e2te de voir plus de d\u00e9tails au fur et \u00e0 mesure de l\u2019\u00e9laboration de la politique dans les semaines et les mois \u00e0 venir.<\/p>\n","protected":false},"excerpt":{"rendered":"<p>Le jeudi 24 septembre 2020 Le CQCC a \u00e9cout\u00e9 avec beaucoup d\u2019int\u00e9r\u00eat le discours du Tr\u00f4ne prononc\u00e9 \u00e0 l\u2019ouverture de la deuxi\u00e8me session de la 43e l\u00e9gislature. Nous sommes encourag\u00e9s par le programme du gouvernement sur la diversit\u00e9 dans les affaires, en particulier l\u2019engagement \u00e0 \u00ab aller plus loin dans l\u2019autonomisation \u00e9conomique de communaut\u00e9s sp\u00e9cifiques et \u00e0 accro\u00eetre la diversit\u00e9 dans l\u2019approvisionnement \u00bb. Le CQCC demeure d\u00e9termin\u00e9 \u00e0 faire en sorte que les entreprises 2ELGBTQI+ fassent partie de ce programme de d\u00e9veloppement et de relance \u00e9conomiques.\u00a0 Depuis sa cr\u00e9ation, le CQCC est un ardent d\u00e9fenseur de la diversit\u00e9 des fournisseurs au Canada, en faisant la promotion de l\u2019autonomisation \u00e9conomique et des opportunit\u00e9s pour tous les Canadiens. Nous soutenons pleinement la mise en place de [&#8230;]<\/p>\n","protected":false},"author":1,"featured_media":60910,"comment_status":"open","ping_status":"open","sticky":false,"template":"","format":"standard","meta":{"_acf_changed":false,"_tec_requires_first_save":true,"_trash_the_other_posts":false,"advanced_seo_description":"","jetpack_seo_html_title":"","jetpack_seo_noindex":false,"_EventAllDay":false,"_EventTimezone":"","_EventStartDate":"","_EventEndDate":"","_EventStartDateUTC":"","_EventEndDateUTC":"","_EventShowMap":false,"_EventShowMapLink":false,"_EventURL":"","_EventCost":"","_EventCostDescription":"","_EventCurrencySymbol":"","_EventCurrencyCode":"","_EventCurrencyPosition":"","_EventDateTimeSeparator":"","_EventTimeRangeSeparator":"","_EventOrganizerID":[],"_EventVenueID":[],"_OrganizerEmail":"","_OrganizerPhone":"","_OrganizerWebsite":"","_VenueAddress":"","_VenueCity":"","_VenueCountry":"","_VenueProvince":"","_VenueState":"","_VenueZip":"","_VenuePhone":"","_VenueURL":"","_VenueStateProvince":"","_VenueLat":"","_VenueLng":"","_VenueShowMap":false,"_VenueShowMapLink":false,"_price":"","_stock":"","_tribe_ticket_header":"","_tribe_default_ticket_provider":"","_tribe_ticket_capacity":"","_ticket_start_date":"","_ticket_end_date":"","_tribe_ticket_show_description":"","_tribe_ticket_show_not_going":false,"_tribe_ticket_use_global_stock":"","_tribe_ticket_global_stock_level":"","_global_stock_mode":"","_global_stock_cap":"","_tribe_rsvp_for_event":"","_tribe_ticket_going_count":"","_tribe_ticket_not_going_count":"","_tribe_tickets_list":"[]","_tribe_ticket_has_attendee_info_fields":false,"_tribe_blocks_recurrence_rules":"","_tribe_blocks_recurrence_description":"","_tribe_blocks_recurrence_exclusions":"","editor_notices":[],"_jetpack_memberships_contains_paid_content":false,"footnotes":""},"categories":[1],"tags":[],"class_list":["post-60908","post","type-post","status-publish","format-standard","has-post-thumbnail","hentry","category-news"],"acf":[],"jetpack_featured_media_url":"https:\/\/queerchamber.ca\/fr\/wp-content\/uploads\/sites\/7\/2025\/10\/cglcc-statement-speech-from-the-throne.png","jetpack_sharing_enabled":true,"_links":{"self":[{"href":"https:\/\/queerchamber.ca\/fr\/wp-json\/wp\/v2\/posts\/60908","targetHints":{"allow":["GET"]}}],"collection":[{"href":"https:\/\/queerchamber.ca\/fr\/wp-json\/wp\/v2\/posts"}],"about":[{"href":"https:\/\/queerchamber.ca\/fr\/wp-json\/wp\/v2\/types\/post"}],"author":[{"embeddable":true,"href":"https:\/\/queerchamber.ca\/fr\/wp-json\/wp\/v2\/users\/1"}],"replies":[{"embeddable":true,"href":"https:\/\/queerchamber.ca\/fr\/wp-json\/wp\/v2\/comments?post=60908"}],"version-history":[{"count":1,"href":"https:\/\/queerchamber.ca\/fr\/wp-json\/wp\/v2\/posts\/60908\/revisions"}],"predecessor-version":[{"id":60909,"href":"https:\/\/queerchamber.ca\/fr\/wp-json\/wp\/v2\/posts\/60908\/revisions\/60909"}],"wp:featuredmedia":[{"embeddable":true,"href":"https:\/\/queerchamber.ca\/fr\/wp-json\/wp\/v2\/media\/60910"}],"wp:attachment":[{"href":"https:\/\/queerchamber.ca\/fr\/wp-json\/wp\/v2\/media?parent=60908"}],"wp:term":[{"taxonomy":"category","embeddable":true,"href":"https:\/\/queerchamber.ca\/fr\/wp-json\/wp\/v2\/categories?post=60908"},{"taxonomy":"post_tag","embeddable":true,"href":"https:\/\/queerchamber.ca\/fr\/wp-json\/wp\/v2\/tags?post=60908"}],"curies":[{"name":"wp","href":"https:\/\/api.w.org\/{rel}","templated":true}]}}