{"id":60924,"date":"2020-06-02T00:42:28","date_gmt":"2020-06-02T04:42:28","guid":{"rendered":"https:\/\/dev-cglcc-multisite.pantheonsite.io\/fr\/news\/the-cglcc-signs-an-mou-with-the-canada-florida-chamber-of-commerce\/"},"modified":"2025-10-22T16:00:03","modified_gmt":"2025-10-22T20:00:03","slug":"le-cglcc-signe-un-protocole-dentente-avec-la-chambre-de-commerce-canada-floride","status":"publish","type":"post","link":"https:\/\/queerchamber.ca\/fr\/news\/le-cglcc-signe-un-protocole-dentente-avec-la-chambre-de-commerce-canada-floride\/","title":{"rendered":"Le CQCC signe un protocole d\u2019entente avec la Chambre de commerce Canada-Floride"},"content":{"rendered":"\n<p><em>Deux<\/em> <em>membres certifi\u00e9s du CQCC (Christiane Laurin,&nbsp;Boutique 3e \u00e2ge, et Sylvain Brisson,&nbsp;Appareils Ventop inc.) se sont r\u00e9cemment joints au CFCC et ont particip\u00e9 \u00e0 la mission commerciale du CFCC en Floride, du 13 au 15 novembre 2019.<\/em><\/p>\n\n\n\n<p>\u00c0 la suite du tr\u00e8s succ\u00e8s de la mission commerciale 2ELGBTQI+Q2 \u00e0 Tampa, en ao\u00fbt dernier, le CQCC est heureux d\u2019annoncer qu\u2019il a r\u00e9cemment conclu une entente de partenariat avec la Chambre de commerce Canada-Floride (CCFC). Nous sommes \u00e9galement heureux d\u2019annoncer qu\u2019en vertu de cette entente de partenariat, les membres du CQCC b\u00e9n\u00e9ficieront d\u2019un rabais de 15 % sur leur adh\u00e9sion au CFCC.<\/p>\n\n\n\n<p>La mission de la CCFC, qui a \u00e9t\u00e9 cr\u00e9\u00e9e en 2009, est de soutenir le commerce et l\u2019investissement bilat\u00e9raux entre le Canada et la Floride. On estime que le Canada \u00e9change actuellement avec la Floride pour une valeur d\u2019environ 8 milliards de dollars chaque ann\u00e9e.&nbsp;&nbsp;Ce partenariat avec la CFCC offrira sans aucun doute aux membres certifi\u00e9s de la CQCC de nouvelles et vastes occasions d\u2019affaires.&nbsp;La Floride&nbsp;est une&nbsp;puissance \u00e9conomique&nbsp;. Elle poss\u00e8de la quatri\u00e8me plus grande&nbsp;\u00e9conomie&nbsp;des \u00c9tats-Unis et est le troisi\u00e8me plus grand \u00c9tat du pays en termes de population.&nbsp;L\u2019\u00e9conomie&nbsp;de la Floride est extr\u00eamement diversifi\u00e9e, y compris le tourisme, l\u2019agriculture, l\u2019a\u00e9rospatiale et l\u2019aviation, les sciences de la vie et les services financiers parmi ses principales industries.&nbsp;De plus,&nbsp;la Floride&nbsp;est l\u2019un&nbsp;des plus grands \u00c9tats d\u2019exportation des \u00c9tats-Unis&nbsp;et constitue une porte d\u2019entr\u00e9e majeure pour le&nbsp;commerce des marchandises entre l\u2019Am\u00e9rique du Nord, l\u2019Am\u00e9rique latine,&nbsp;les Cara\u00efbes et d\u2019autres r\u00e9gions du monde.<\/p>\n\n\n\n<p>Si&nbsp;vous souhaitez adh\u00e9rer \u00e0 la CFCC ou si vous souhaitez obtenir plus de d\u00e9tails sur le mandat et les activit\u00e9s de la CFCC, nous vous encourageons \u00e0 consulter le site web de la Chambre :&nbsp;<a rel=\"noreferrer noopener\" href=\"http:\/\/www.canadafloridachamber.com\/\" target=\"_blank\">canadafloridachamber.com<\/a>&nbsp;et\/ou \u00e0 communiquer directement avec le directeur de la Chambre, M. Maxime Veillette. On peut le joindre au :&nbsp;<a rel=\"noreferrer noopener\" href=\"https:\/\/em-ui.constantcontact.com\/em-ui\/em\/page\/em-ui\/email#\" target=\"_blank\">maxime.veillette@canadafloridachamber.com<\/a>, et\/ou par t\u00e9l\u00e9phone au 514-400-9445 #20. Le CFCC est bas\u00e9 \u00e0 Montr\u00e9al (1800 av McGill College, Suite 600, Montr\u00e9al, QC, H3A 3J6).&nbsp;<\/p>\n\n\n\n<p>Vous pouvez \u00e9galement joindre Richard Martin, directeur, Programmes mondiaux et relations gouvernementales du CQCC chez&nbsp;<a rel=\"noreferrer noopener\" href=\"https:\/\/em-ui.constantcontact.com\/em-ui\/em\/page\/em-ui\/email#\" target=\"_blank\">richard@queerchamber.ca<\/a>.<\/p>\n","protected":false},"excerpt":{"rendered":"<p>\u00c0 la suite du tr\u00e8s succ\u00e8s de la mission commerciale 2ELGBTQI+Q2 \u00e0 Tampa, en ao\u00fbt dernier, le CQCC est heureux d\u2019annoncer qu\u2019il a r\u00e9cemment conclu une entente de partenariat avec la Chambre de commerce Canada-Floride (CCFC).<\/p>\n","protected":false},"author":1,"featured_media":60926,"comment_status":"open","ping_status":"open","sticky":false,"template":"","format":"standard","meta":{"_acf_changed":false,"_tec_requires_first_save":true,"_trash_the_other_posts":false,"advanced_seo_description":"","jetpack_seo_html_title":"","jetpack_seo_noindex":false,"_EventAllDay":false,"_EventTimezone":"","_EventStartDate":"","_EventEndDate":"","_EventStartDateUTC":"","_EventEndDateUTC":"","_EventShowMap":false,"_EventShowMapLink":false,"_EventURL":"","_EventCost":"","_EventCostDescription":"","_EventCurrencySymbol":"","_EventCurrencyCode":"","_EventCurrencyPosition":"","_EventDateTimeSeparator":"","_EventTimeRangeSeparator":"","_EventOrganizerID":[],"_EventVenueID":[],"_OrganizerEmail":"","_OrganizerPhone":"","_OrganizerWebsite":"","_VenueAddress":"","_VenueCity":"","_VenueCountry":"","_VenueProvince":"","_VenueState":"","_VenueZip":"","_VenuePhone":"","_VenueURL":"","_VenueStateProvince":"","_VenueLat":"","_VenueLng":"","_VenueShowMap":false,"_VenueShowMapLink":false,"_price":"","_stock":"","_tribe_ticket_header":"","_tribe_default_ticket_provider":"","_tribe_ticket_capacity":"","_ticket_start_date":"","_ticket_end_date":"","_tribe_ticket_show_description":"","_tribe_ticket_show_not_going":false,"_tribe_ticket_use_global_stock":"","_tribe_ticket_global_stock_level":"","_global_stock_mode":"","_global_stock_cap":"","_tribe_rsvp_for_event":"","_tribe_ticket_going_count":"","_tribe_ticket_not_going_count":"","_tribe_tickets_list":"[]","_tribe_ticket_has_attendee_info_fields":false,"_tribe_blocks_recurrence_rules":"","_tribe_blocks_recurrence_description":"","_tribe_blocks_recurrence_exclusions":"","editor_notices":[],"_jetpack_memberships_contains_paid_content":false,"footnotes":""},"categories":[1],"tags":[],"class_list":["post-60924","post","type-post","status-publish","format-standard","has-post-thumbnail","hentry","category-news"],"acf":[],"jetpack_featured_media_url":"https:\/\/queerchamber.ca\/fr\/wp-content\/uploads\/sites\/7\/2025\/10\/img_20191203_115433-1080x675-1.jpg","jetpack_sharing_enabled":true,"_links":{"self":[{"href":"https:\/\/queerchamber.ca\/fr\/wp-json\/wp\/v2\/posts\/60924","targetHints":{"allow":["GET"]}}],"collection":[{"href":"https:\/\/queerchamber.ca\/fr\/wp-json\/wp\/v2\/posts"}],"about":[{"href":"https:\/\/queerchamber.ca\/fr\/wp-json\/wp\/v2\/types\/post"}],"author":[{"embeddable":true,"href":"https:\/\/queerchamber.ca\/fr\/wp-json\/wp\/v2\/users\/1"}],"replies":[{"embeddable":true,"href":"https:\/\/queerchamber.ca\/fr\/wp-json\/wp\/v2\/comments?post=60924"}],"version-history":[{"count":1,"href":"https:\/\/queerchamber.ca\/fr\/wp-json\/wp\/v2\/posts\/60924\/revisions"}],"predecessor-version":[{"id":60925,"href":"https:\/\/queerchamber.ca\/fr\/wp-json\/wp\/v2\/posts\/60924\/revisions\/60925"}],"wp:featuredmedia":[{"embeddable":true,"href":"https:\/\/queerchamber.ca\/fr\/wp-json\/wp\/v2\/media\/60926"}],"wp:attachment":[{"href":"https:\/\/queerchamber.ca\/fr\/wp-json\/wp\/v2\/media?parent=60924"}],"wp:term":[{"taxonomy":"category","embeddable":true,"href":"https:\/\/queerchamber.ca\/fr\/wp-json\/wp\/v2\/categories?post=60924"},{"taxonomy":"post_tag","embeddable":true,"href":"https:\/\/queerchamber.ca\/fr\/wp-json\/wp\/v2\/tags?post=60924"}],"curies":[{"name":"wp","href":"https:\/\/api.w.org\/{rel}","templated":true}]}}