{"id":60940,"date":"2018-11-20T13:42:48","date_gmt":"2018-11-20T18:42:48","guid":{"rendered":"https:\/\/dev-cglcc-multisite.pantheonsite.io\/fr\/news\/united-states-mexico-canada-agreement-usmca\/"},"modified":"2025-10-22T16:00:50","modified_gmt":"2025-10-22T20:00:50","slug":"accord-etats-unis-mexique-canada-aeumc","status":"publish","type":"post","link":"https:\/\/queerchamber.ca\/fr\/news\/accord-etats-unis-mexique-canada-aeumc\/","title":{"rendered":"Accord \u00c9tats-Unis-Mexique-Canada (AEUMC)"},"content":{"rendered":"<p style=\"font-weight: 400\">Le 30 septembre 2018, le Canada, les \u00c9tats-Unis et le Mexique ont annonc\u00e9 qu\u2019ils avaient conclu un nouvel accord commercial moderne appel\u00e9 Accord \u00c9tats-Unis-Mexique-Canada (AEUMC). &nbsp;Cet accord modernis\u00e9 maintient l\u2019acc\u00e8s au march\u00e9 en franchise de droits de douane de l\u2019ALENA original et comprend des mises \u00e0 jour et de nouveaux chapitres pour r\u00e9pondre aux d\u00e9fis et aux possibilit\u00e9s commerciaux modernes. Depuis le d\u00e9but des n\u00e9gociations en ao\u00fbt 2017, le Canada s\u2019est engag\u00e9 de mani\u00e8re constructive et pragmatique avec ses partenaires de l\u2019AEUMC \u2013 toujours dans le but de conclure un bon accord pour les Canadiens, et non n\u2019importe lequel.<\/p>\n<p style=\"font-weight: 400\">L\u2019accord produit des r\u00e9sultats cl\u00e9s pour les entreprises, les travailleurs et les collectivit\u00e9s du Canada dans des domaines tels que le travail, l\u2019environnement, le commerce de l\u2019automobile, le r\u00e8glement des diff\u00e9rends, la culture, l\u2019\u00e9nergie, l\u2019agriculture et l\u2019agroalimentaire. Il est important de noter que l\u2019AEUMC reconna\u00eet l\u2019importance de la contribution des petites et moyennes entreprises (PME) \u00e0 une \u00e9conomie saine et \u00e0 un commerce progressiste et inclusif, et comprend un libell\u00e9 sur le genre et les droits des peuples autochtones.<\/p>\n<p style=\"font-weight: 400\">\u00c0 titre d\u2019exemple, un&nbsp; grand nombre de ces fournisseurs de services canadiens, y compris des petites et moyennes entreprises, n\u00e9gocient des services \u00e0 distance au moyen de la technologie de l\u2019information. Ces entreprises b\u00e9n\u00e9ficieront d\u2019un chapitre modernis\u00e9 sur le commerce transfrontalier des services (CBTS) de l\u2019Accord \u00c9tats-Unis-Mexique-Canada (AEUMC), car il offrira un acc\u00e8s plus s\u00fbr et pr\u00e9visible aux march\u00e9s des \u00c9tats-Unis et du Mexique.<\/p>\n<p style=\"font-weight: 400\">Autre exemple, l\u2019AEUMC contiendra des dispositions li\u00e9es au genre dans les chapitres suivants :<\/p>\n<p style=\"font-weight: 400\"><strong>Main-d\u2019\u0153uvre<\/strong> :<\/p>\n<ul style=\"font-weight: 400\">\n<li>Inclut, pour la premi\u00e8re fois, des obligations ex\u00e9cutoires sp\u00e9cifiques au genre dans un accord de libre-\u00e9change. Le non-respect de ces obligations peut entra\u00eener des sanctions commerciales \u00e0 l\u2019encontre du pays contrevenant.<\/li>\n<li>Contient des obligations ex\u00e9cutoires pour les gouvernements de mettre en \u0153uvre des politiques qui s\u2019attaquent \u00e0 la discrimination fond\u00e9e sur le sexe en milieu de travail, en particulier en ce qui concerne la grossesse, l\u2019orientation sexuelle, le harc\u00e8lement sexuel, l\u2019identit\u00e9 de genre et les responsabilit\u00e9s d\u2019aidant naturel\u00a0;<\/li>\n<li>Encourage l\u2019adoption de programmes et de politiques qui \u00e9liminent les obstacles \u00e0 la pleine participation des femmes au march\u00e9 du travail, comme l\u2019obligation d\u2019accorder un cong\u00e9 avec protection de l\u2019emploi pour la naissance ou l\u2019adoption d\u2019un enfant et les responsabilit\u00e9s familiales, et qui prot\u00e8gent contre la discrimination salariale\u00a0;<\/li>\n<\/ul>\n<ul style=\"font-weight: 400\">\n<li>Propose des activit\u00e9s de coop\u00e9ration qui portent sur les questions li\u00e9es \u00e0 l\u2019\u00e9galit\u00e9 des sexes dans le domaine du travail, y compris l\u2019\u00e9galit\u00e9 entre les sexes\u00a0;<\/li>\n<\/ul>\n<p style=\"font-weight: 400\"><strong>Investissement<\/strong> :<\/p>\n<ul style=\"font-weight: 400\">\n<li>Comprend une disposition sur la responsabilit\u00e9 sociale des entreprises (RSE) qui r\u00e9affirme l\u2019importance d\u2019encourager les entreprises \u00e0 respecter les normes de RSE, telles que les Principes directeurs de l\u2019OCDE \u00e0 l\u2019intention des entreprises multinationales. Cette disposition sur la RSE fournit une liste illustrative de domaines de la RSE, y compris l\u2019\u00e9galit\u00e9 des sexes et les droits des Autochtones et des peuples autochtones.<\/li>\n<\/ul>\n<p style=\"font-weight: 400\"><strong>Petites et moyennes entreprises (PME) :<\/strong><\/p>\n<ul style=\"font-weight: 400\">\n<li>Encourage les Parties \u00e0 collaborer \u00e0 des activit\u00e9s qui am\u00e9lioreraient les d\u00e9bouch\u00e9s commerciaux pour les PME appartenant \u00e0 des groupes sous-repr\u00e9sent\u00e9s et favoriseraient leur participation au commerce international.<\/li>\n<\/ul>\n<p style=\"font-weight: 400\">Explorez les&nbsp;r\u00e9sum\u00e9s ou le texte int\u00e9gral de l\u2019AEUMC \u2013 connectez-vous au site Web d\u2019Affaires mondiales Canada \u00e0 l\u2019adresse&nbsp;<a href=\"http:\/\/www.international.gc.ca\/\" data-saferedirecturl=\"https:\/\/www.google.com\/url?q=http:\/\/www.international.gc.ca\/&amp;source=gmail&amp;ust=1542806971600000&amp;usg=AFQjCNG0mkLPPQ2_TtM9L_Qq3BDmFEVnww\">www.international.gc.ca<\/a>&nbsp;&nbsp;et s\u00e9lectionnez&nbsp;<em>N\u00e9gociations et accords commerciaux.<\/em><\/p>\n<p style=\"font-weight: 400\">Nous esp\u00e9rons que vous continuerez \u00e0 poursuivre votre travail, vos partenariats et vos op\u00e9rations aux \u00c9tats-Unis et au Mexique avec enthousiasme.<\/p>\n<p style=\"font-weight: 400\">Si vous avez des questions, si vous avez besoin de vous orienter ou si vous souhaitez en savoir plus, n\u2019h\u00e9sitez pas \u00e0 communiquer avec notre bureau r\u00e9gional de l\u2019Ontario, Service des d\u00e9l\u00e9gu\u00e9s commerciaux, au&nbsp;<a href=\"mailto:Ontario.TCS-SDC@international.gc.ca\">Ontario.TCS-SDC@international.gc.ca<\/a><\/p>\n","protected":false},"excerpt":{"rendered":"<p>Le 30 septembre 2018, le Canada, les \u00c9tats-Unis et le Mexique ont annonc\u00e9 qu\u2019ils avaient conclu un nouvel accord commercial moderne appel\u00e9 Accord \u00c9tats-Unis-Mexique-Canada (AEUMC). &nbsp;Cet accord modernis\u00e9 maintient l\u2019acc\u00e8s au march\u00e9 en franchise de droits de douane de l\u2019ALENA original et comprend des mises \u00e0 jour et de nouveaux chapitres pour r\u00e9pondre aux d\u00e9fis et aux possibilit\u00e9s commerciaux modernes. Depuis le d\u00e9but des n\u00e9gociations en ao\u00fbt 2017, le Canada s\u2019est engag\u00e9 de mani\u00e8re constructive et pragmatique avec ses partenaires de l\u2019AEUMC \u2013 toujours dans le but de conclure un bon accord pour les Canadiens, et non n\u2019importe lequel. L\u2019accord fournit des r\u00e9sultats cl\u00e9s pour les entreprises, les travailleurs et les collectivit\u00e9s du Canada dans des domaines tels que le travail, l\u2019environnement, l\u2019automobile [&#8230;]<\/p>\n","protected":false},"author":1,"featured_media":60942,"comment_status":"open","ping_status":"open","sticky":false,"template":"","format":"standard","meta":{"_acf_changed":false,"_tec_requires_first_save":true,"_trash_the_other_posts":false,"advanced_seo_description":"","jetpack_seo_html_title":"","jetpack_seo_noindex":false,"_EventAllDay":false,"_EventTimezone":"","_EventStartDate":"","_EventEndDate":"","_EventStartDateUTC":"","_EventEndDateUTC":"","_EventShowMap":false,"_EventShowMapLink":false,"_EventURL":"","_EventCost":"","_EventCostDescription":"","_EventCurrencySymbol":"","_EventCurrencyCode":"","_EventCurrencyPosition":"","_EventDateTimeSeparator":"","_EventTimeRangeSeparator":"","_EventOrganizerID":[],"_EventVenueID":[],"_OrganizerEmail":"","_OrganizerPhone":"","_OrganizerWebsite":"","_VenueAddress":"","_VenueCity":"","_VenueCountry":"","_VenueProvince":"","_VenueState":"","_VenueZip":"","_VenuePhone":"","_VenueURL":"","_VenueStateProvince":"","_VenueLat":"","_VenueLng":"","_VenueShowMap":false,"_VenueShowMapLink":false,"_price":"","_stock":"","_tribe_ticket_header":"","_tribe_default_ticket_provider":"","_tribe_ticket_capacity":"","_ticket_start_date":"","_ticket_end_date":"","_tribe_ticket_show_description":"","_tribe_ticket_show_not_going":false,"_tribe_ticket_use_global_stock":"","_tribe_ticket_global_stock_level":"","_global_stock_mode":"","_global_stock_cap":"","_tribe_rsvp_for_event":"","_tribe_ticket_going_count":"","_tribe_ticket_not_going_count":"","_tribe_tickets_list":"[]","_tribe_ticket_has_attendee_info_fields":false,"_tribe_blocks_recurrence_rules":"","_tribe_blocks_recurrence_description":"","_tribe_blocks_recurrence_exclusions":"","editor_notices":[],"_jetpack_memberships_contains_paid_content":false,"footnotes":""},"categories":[1],"tags":[],"class_list":["post-60940","post","type-post","status-publish","format-standard","has-post-thumbnail","hentry","category-news"],"acf":[],"jetpack_featured_media_url":"https:\/\/queerchamber.ca\/fr\/wp-content\/uploads\/sites\/7\/2025\/10\/president_donald_j._trump_at_the_g20_summit_44300765490.jpg","jetpack_sharing_enabled":true,"_links":{"self":[{"href":"https:\/\/queerchamber.ca\/fr\/wp-json\/wp\/v2\/posts\/60940","targetHints":{"allow":["GET"]}}],"collection":[{"href":"https:\/\/queerchamber.ca\/fr\/wp-json\/wp\/v2\/posts"}],"about":[{"href":"https:\/\/queerchamber.ca\/fr\/wp-json\/wp\/v2\/types\/post"}],"author":[{"embeddable":true,"href":"https:\/\/queerchamber.ca\/fr\/wp-json\/wp\/v2\/users\/1"}],"replies":[{"embeddable":true,"href":"https:\/\/queerchamber.ca\/fr\/wp-json\/wp\/v2\/comments?post=60940"}],"version-history":[{"count":1,"href":"https:\/\/queerchamber.ca\/fr\/wp-json\/wp\/v2\/posts\/60940\/revisions"}],"predecessor-version":[{"id":60941,"href":"https:\/\/queerchamber.ca\/fr\/wp-json\/wp\/v2\/posts\/60940\/revisions\/60941"}],"wp:featuredmedia":[{"embeddable":true,"href":"https:\/\/queerchamber.ca\/fr\/wp-json\/wp\/v2\/media\/60942"}],"wp:attachment":[{"href":"https:\/\/queerchamber.ca\/fr\/wp-json\/wp\/v2\/media?parent=60940"}],"wp:term":[{"taxonomy":"category","embeddable":true,"href":"https:\/\/queerchamber.ca\/fr\/wp-json\/wp\/v2\/categories?post=60940"},{"taxonomy":"post_tag","embeddable":true,"href":"https:\/\/queerchamber.ca\/fr\/wp-json\/wp\/v2\/tags?post=60940"}],"curies":[{"name":"wp","href":"https:\/\/api.w.org\/{rel}","templated":true}]}}